{"id":1931,"date":"2021-11-25T15:40:42","date_gmt":"2021-11-25T15:40:42","guid":{"rendered":"https:\/\/educando.zoodelpirineu.com\/ciclos-formativos\/"},"modified":"2021-11-25T15:40:45","modified_gmt":"2021-11-25T15:40:45","slug":"ciclos-formativos","status":"publish","type":"post","link":"https:\/\/educando.zoodelpirineu.com\/es\/ciclos-formativos\/","title":{"rendered":"Ciclos formativos"},"content":{"rendered":"\n<div class=\"wp-block-media-text alignwide has-media-on-the-right is-stacked-on-mobile has-background\" style=\"background-color:#e8e8e8\"><figure class=\"wp-block-media-text__media\"><img loading=\"lazy\" decoding=\"async\" width=\"1000\" height=\"750\" src=\"http:\/\/educando.zoodelpirineu.com\/wp-content\/uploads\/2021\/11\/Excursions-escolars-per-batxillerat.jpg\" alt=\"Taller para ciclos formativos\" class=\"wp-image-1181 size-full\" srcset=\"https:\/\/educando.zoodelpirineu.com\/wp-content\/uploads\/2021\/11\/Excursions-escolars-per-batxillerat.jpg 1000w, https:\/\/educando.zoodelpirineu.com\/wp-content\/uploads\/2021\/11\/Excursions-escolars-per-batxillerat-300x225.jpg 300w, https:\/\/educando.zoodelpirineu.com\/wp-content\/uploads\/2021\/11\/Excursions-escolars-per-batxillerat-768x576.jpg 768w\" sizes=\"auto, (max-width: 1000px) 100vw, 1000px\" \/><\/figure><div class=\"wp-block-media-text__content\">\n<div style=\"height:10px\" aria-hidden=\"true\" class=\"wp-block-spacer\"><\/div>\n\n\n\n<p>La vertiente m\u00e1s destacada de los ciclos formativos es la <strong>parte pr\u00e1ctica que acompa\u00f1a al aprendizaje<\/strong>. Consecuentemente a menudo es el requisito clave para los alumnos para tomar la decisi\u00f3n de inscribirse a los cursos.<\/p>\n\n\n\n<p>Las actividades de la Fundaci\u00f3n Zoo de los Pirineos orientadas a Ciclos formativos aportan justamente esta faceta pr\u00e1ctica y est\u00e1n desarrolladas expresamente para los ciclos donde <strong>la salida profesional se desarrolla directamente en el Medio Natural.<\/strong> Sin duda deber\u00edan formar parte de la oferta educativa de vuestro centro.<\/p>\n\n\n\n<p>Se pueden hacer en dos modalidades:<br><a href=\"https:\/\/educando.zoodelpirineu.com\/es\/excursiones-escolares\/\" target=\"_blank\" rel=\"noreferrer noopener\">Excursiones escolares<\/a> \/ <a href=\"https:\/\/educando.zoodelpirineu.com\/es\/talleres-en-la-escuela\/\" target=\"_blank\" rel=\"noreferrer noopener\">Talleres con fauna salvaje en la escuela<\/a><\/p>\n\n\n\n<p>Adem\u00e1s, el Zoo de los Pirineos ofrece pr\u00e1cticas formativas (FCT) para los estudiantes. <\/p>\n<\/div><\/div>\n\n\n\n<p class=\"has-contrast-3-background-color has-background\">Los talleres apoyan la formaci\u00f3n de la <strong>competencia general de control y protecci\u00f3n del medio natural<\/strong>. En efecto, sin conocer y saber identificar correctamente las especies de fauna aut\u00f3ctona s\u00f3lo ser\u00eda una asignatura sobre el papel sin importancia en la vida real de los estudiantes. Igualmente los <strong>talleres capacitan a los participantes para la conservaci\u00f3n y mejora ambiental<\/strong>, por el hecho de que, entre otros, incluyen explicaciones y ejemplos reales de la proteccion ambiental de acuerdo con la legislaci\u00f3n vigente. <\/p>\n\n\n\n<div style=\"height:25px\" aria-hidden=\"true\" class=\"wp-block-spacer\"><\/div>\n\n\n\n<h2 class=\"wp-block-heading\">Visita al Zoo de los Pirineos para Ciclos formativos<\/h2>\n\n\n\n<p>La visita a un refugio de animales salvajes es sin duda <strong>una herramienta imprescindible para la educaci\u00f3n medioambiental de los j\u00f3venes<\/strong>. El Zoo de los Pirineos es un parque zool\u00f3gico del siglo XXI que responde a la sensibilizaci\u00f3n de la poblaci\u00f3n respecto a la protecci\u00f3n de los animales. Conocer este espacio, participar en las actividades orientadas al p\u00fablico y posteriormente hacer una charla con los fundadores aporta <strong>una experiencia destacable<\/strong> para los alumnos. Igualmente cabe mencionar que el Zoo de los Pirineos se encuentra en el area del <a href=\"https:\/\/mediambient.gencat.cat\/ca\/05_ambits_dactuacio\/patrimoni_natural\/senp_catalunya\/el_pla_despais_dinteres_natural_de_catalunya\/\" target=\"_blank\" rel=\"noreferrer noopener\">PEIN<\/a> y la <a href=\"https:\/\/agportal.dtes.gencat.cat\/portal\/apps\/webappviewer\/index.html?id=9f50930693444bd7bce4f1c84834dfcc\" target=\"_blank\" rel=\"noreferrer noopener\">Red Natura 2000<\/a>. Consecuentemente la visita al zoo aporta un valor a\u00f1adido para los alumnos, ya que ilustrar\u00e1 <strong>la realidad de la vida en los espacios protegidos<\/strong>.<\/p>\n\n\n\n<p>Conoced nuestra oferta de <a href=\"https:\/\/educando.zoodelpirineu.com\/es\/tag\/salidas-escolares-ciclos-formativos\/\" target=\"_blank\" rel=\"noreferrer noopener\">Talleres en el Zoo de los Pirineos para Ciclos formativos<\/a>.<\/p>\n\n\n\n<div style=\"height:25px\" aria-hidden=\"true\" class=\"wp-block-spacer\"><\/div>\n\n\n\n<h2 class=\"wp-block-heading\">Talleres en el centro educativo para Ciclos Formativos<\/h2>\n\n\n\n<p>Una actividad en el centro educativo ciertamente no puede sustituir a la experiencia aut\u00e9ntica de la <a href=\"https:\/\/educando.zoodelpirineu.com\/es\/excursiones-escolares\/\" target=\"_blank\" rel=\"noreferrer noopener\">visita al Zoo de los Pirineos<\/a>. No obstante, si vuestra escuela se encuentra ,uy lejos y el desplazamiento hasta el refugio no es asumible, el equipo educativo de nuestra fundaci\u00f3n puede venir a visitaros. En este caso recomendamos combinar el <a href=\"https:\/\/educando.zoodelpirineu.com\/es\/taller-fauna-autoctona\/\" target=\"_blank\" rel=\"noreferrer noopener\">Taller Fauna aut\u00f3ctona<\/a> de 2 horas con la <a href=\"https:\/\/educando.zoodelpirineu.com\/es\/charla-con-los-fundadores\/\" target=\"_blank\" rel=\"noreferrer noopener\">Charla con los fundadores del Zoo del Pirineo<\/a>y\/o con la <a href=\"https:\/\/educando.zoodelpirineu.com\/es\/mesa-redonda\/\" target=\"_blank\" rel=\"noreferrer noopener\">Mesa redonda<\/a>. <\/p>\n\n\n\n<p>De esta manera los estudiantes tendr\u00e1n la oportunidad de conocer y aprender a <strong>identificar las especies de animales salvajes<\/strong> de nuestro pa\u00eds. Adem\u00e1s, con ejemplos reales entender\u00e1m la cruda realidad de la vida silvestre. Adicionalmente la charla los permitir\u00e1 ver los <strong>altos y bajos de una iniciativa privada<\/strong> que lucha por la protecci\u00f3nm del Medio Ambiente.<\/p>\n\n\n\n<p>Apostamos mucho por la <a href=\"https:\/\/educando.zoodelpirineu.com\/es\/mesa-redonda\/\" target=\"_blank\" rel=\"noreferrer noopener\">Mesa redonda<\/a> como metodolog\u00eda educativa moderna, que prepara a los estudiantes para la vida real, donde el <strong>di\u00e1logo es un instrumento esencial para llevar a cabo la protecci\u00f3n del Medio Natural de una manera eficaz<\/strong>.<\/p>\n\n\n\n<div class=\"wp-block-cover has-contrast-3-background-color has-background-dim\" style=\"min-height:350px;aspect-ratio:unset;\"><div class=\"wp-block-cover__inner-container is-layout-flow wp-block-cover-is-layout-flow\">\n<div style=\"height:10px\" aria-hidden=\"true\" class=\"wp-block-spacer\"><\/div>\n\n\n\n<h2 class=\"has-contrast-color has-text-color wp-block-heading\">\u00bfPara qu\u00e9 Ciclos formativos recomendamos los talleres?<\/h2>\n\n\n\n<p class=\"has-text-align-left has-contrast-color has-text-color\"> La oferta educativa del Zoo de los Pirineos est\u00e1 desarrollada explicitamente para la formaci\u00f3n profesional de:<\/p>\n\n\n\n<ul class=\"has-contrast-color has-text-color wp-block-list\"><li>Gu\u00eda en el Medio Natural de Tiempo Libre<\/li><li>Aprovechamiento y Conservaci\u00f3n del Medio Natural<\/li><li>Educaci\u00f3n y Control Ambiental<\/li><li>Gesti\u00f3n Forestal y del Medio Natural<\/li><li>Paisajismo y Medio Rural<\/li><li>Animaci\u00f3n Sociocultural y Tur\u00edstica<\/li><li>Seguridad y Medio Ambiente<\/li><\/ul>\n\n\n\n<p class=\"has-contrast-color has-text-color\">Con la modalidad del taller en la escuela tambi\u00e9n se puede entiquecer el curriculum de FPI <\/p>\n\n\n\n<ul class=\"has-contrast-color has-text-color wp-block-list\"><li>Auxiliar en Cuidadeo de Animales y Espacios Verdes<\/li><\/ul>\n<\/div><\/div>\n\n\n\n<div style=\"height:25px\" aria-hidden=\"true\" class=\"wp-block-spacer\"><\/div>\n\n\n\n<div class=\"wp-block-cover has-background-dim has-parallax\" style=\"background-image:url(http:\/\/educando.zoodelpirineu.com\/wp-content\/uploads\/2021\/11\/Especies-protejides.jpg)\"><div class=\"wp-block-cover__inner-container is-layout-flow wp-block-cover-is-layout-flow\">\n<p class=\"has-text-align-right has-medium-font-size\">La formaci\u00f3n de los futuros profesionales en el \u00e1mbito de la protecci\u00f3n del Medio Ambiente<br>es seguramente una de las <strong>tareas educativas m\u00e1s importantes de la sociedad actual<\/strong>.<br>Consecuentemente la implicaci\u00f3n de los docentes para alcanzar que los alumnos<br>desarrollen todas las competencias y habilidades necesarias ha de ser m\u00e1xima.<\/p>\n\n\n\n<p class=\"has-text-align-right has-medium-font-size\">La Fundaci\u00f3n Zoo de los Pirineos pone a vuestra disposici\u00f3n talleres<br>que aportan valores y conocimientos imprescindibles para los estudiantes.<br>No deber\u00edan faltar en la formaci\u00f3n que se lleven vuestros alumnos<br>una vez acabada su etapa de aprendizaje. <\/p>\n<\/div><\/div>\n","protected":false},"excerpt":{"rendered":"<p>Conoced la oferta de talleres pr\u00e1cticos en la escuela y el valor educativo de la excursi\u00f3n en el Zoo de los Pirineos para los Ciclos formativos de Medio Natural.<\/p>\n","protected":false},"author":1,"featured_media":0,"comment_status":"closed","ping_status":"open","sticky":false,"template":"","format":"standard","meta":{"om_disable_all_campaigns":false,"_monsterinsights_skip_tracking":false,"_monsterinsights_sitenote_active":false,"_monsterinsights_sitenote_note":"","_monsterinsights_sitenote_category":0,"_uf_show_specific_survey":0,"_uf_disable_surveys":false,"footnotes":""},"categories":[42],"tags":[43,44],"class_list":["post-1931","post","type-post","status-publish","format-standard","hentry","category-ciclos-formativos","tag-salidas-escolares-ciclos-formativos","tag-talleres-escolares-ciclos-formativos","generate-columns","tablet-grid-50","mobile-grid-100","grid-parent","grid-25","no-featured-image-padding"],"aioseo_notices":[],"_links":{"self":[{"href":"https:\/\/educando.zoodelpirineu.com\/es\/wp-json\/wp\/v2\/posts\/1931","targetHints":{"allow":["GET"]}}],"collection":[{"href":"https:\/\/educando.zoodelpirineu.com\/es\/wp-json\/wp\/v2\/posts"}],"about":[{"href":"https:\/\/educando.zoodelpirineu.com\/es\/wp-json\/wp\/v2\/types\/post"}],"author":[{"embeddable":true,"href":"https:\/\/educando.zoodelpirineu.com\/es\/wp-json\/wp\/v2\/users\/1"}],"replies":[{"embeddable":true,"href":"https:\/\/educando.zoodelpirineu.com\/es\/wp-json\/wp\/v2\/comments?post=1931"}],"version-history":[{"count":1,"href":"https:\/\/educando.zoodelpirineu.com\/es\/wp-json\/wp\/v2\/posts\/1931\/revisions"}],"predecessor-version":[{"id":1932,"href":"https:\/\/educando.zoodelpirineu.com\/es\/wp-json\/wp\/v2\/posts\/1931\/revisions\/1932"}],"wp:attachment":[{"href":"https:\/\/educando.zoodelpirineu.com\/es\/wp-json\/wp\/v2\/media?parent=1931"}],"wp:term":[{"taxonomy":"category","embeddable":true,"href":"https:\/\/educando.zoodelpirineu.com\/es\/wp-json\/wp\/v2\/categories?post=1931"},{"taxonomy":"post_tag","embeddable":true,"href":"https:\/\/educando.zoodelpirineu.com\/es\/wp-json\/wp\/v2\/tags?post=1931"}],"curies":[{"name":"wp","href":"https:\/\/api.w.org\/{rel}","templated":true}]}}